{"id":12216,"date":"2019-04-11T09:12:04","date_gmt":"2019-04-11T09:12:04","guid":{"rendered":"https:\/\/www.conventocefalu.com\/storie-e-immagini-del-convento-di-cefalu\/"},"modified":"2020-12-19T19:40:55","modified_gmt":"2020-12-19T19:40:55","slug":"historia-y-fotos-del-viaje-a-cefalu","status":"publish","type":"post","link":"https:\/\/conventocefalu.com\/es\/historia-y-fotos-del-viaje-a-cefalu\/","title":{"rendered":"Historias e Im\u00e1genes de Cefalu"},"content":{"rendered":"<h3>Cefal\u00fa y el convento vistos por viajeros.<\/h3>\n\n\n<div style=\"height:20px\" aria-hidden=\"true\" class=\"wp-block-spacer\"><\/div>\n\n\n\n<p>Nos gustar\u00eda recibir sus fotos y la historia de su viaje a Cefal\u00fa. Sus historias y fotos se publicar\u00e1n en la secci\u00f3n de Blog de nuestro <a href=\"https:\/\/www.conventocefalu.com\">Sitio Web<\/a>, en nuestra p\u00e1gina de <a href=\"https:\/\/www.facebook.com\/ConventoCefalu\">Facebook <\/a>o en nuestra cuenta de <a href=\"https:\/\/www.instagram.com\/conventocefalu\/\">Instagram<\/a>.<\/p>\n\n\n\n<p>Env\u00edenos todo por correo electr\u00f3nico (si es grande a trav\u00e9s de WeTransfer u otros servicios) y \/ o etiquete el Convento de Cefal\u00fa usando nuestro hashtag #conventocefalu.<\/p>\n\n\n\n<p>  <\/p>\n","protected":false},"excerpt":{"rendered":"<p>Nos gustar\u00eda recibir sus fotos y la historia de su viaje a Cefal\u00fa. Sus historias y fotos se publicar\u00e1n en la secci\u00f3n de Blog de nuestro sitio web, en nuestra p\u00e1gina de Facebook o en nuestra cuenta de Instagram.<\/p>\n","protected":false},"author":1,"featured_media":11295,"comment_status":"open","ping_status":"open","sticky":false,"template":"","format":"standard","meta":{"footnotes":""},"categories":[187],"tags":[298,300,301,302,456,297,303,457,746,304,402,562],"class_list":["post-12216","post","type-post","status-publish","format-standard","has-post-thumbnail","hentry","category-huespedes","tag-casa-de-vacaciones-en-sicilia","tag-cefalu-sicilia-es","tag-convento-siciliano","tag-foto-del-convento-de-cefalu","tag-habitaciones-baratas-en-cefalu","tag-habitaciones-con-vistas-al-mar-cefalu","tag-hotel-cefalu-es","tag-hotel-de-playa-en-cefalu","tag-hotel-frente-a-la-playa-de-cefalu","tag-imagenes-del-convento-de-cefalu","tag-playa-de-cefalu","tag-unas-vacaciones-en-el-convento"],"_links":{"self":[{"href":"https:\/\/conventocefalu.com\/es\/wp-json\/wp\/v2\/posts\/12216"}],"collection":[{"href":"https:\/\/conventocefalu.com\/es\/wp-json\/wp\/v2\/posts"}],"about":[{"href":"https:\/\/conventocefalu.com\/es\/wp-json\/wp\/v2\/types\/post"}],"author":[{"embeddable":true,"href":"https:\/\/conventocefalu.com\/es\/wp-json\/wp\/v2\/users\/1"}],"replies":[{"embeddable":true,"href":"https:\/\/conventocefalu.com\/es\/wp-json\/wp\/v2\/comments?post=12216"}],"version-history":[{"count":1,"href":"https:\/\/conventocefalu.com\/es\/wp-json\/wp\/v2\/posts\/12216\/revisions"}],"predecessor-version":[{"id":13166,"href":"https:\/\/conventocefalu.com\/es\/wp-json\/wp\/v2\/posts\/12216\/revisions\/13166"}],"wp:featuredmedia":[{"embeddable":true,"href":"https:\/\/conventocefalu.com\/es\/wp-json\/wp\/v2\/media\/11295"}],"wp:attachment":[{"href":"https:\/\/conventocefalu.com\/es\/wp-json\/wp\/v2\/media?parent=12216"}],"wp:term":[{"taxonomy":"category","embeddable":true,"href":"https:\/\/conventocefalu.com\/es\/wp-json\/wp\/v2\/categories?post=12216"},{"taxonomy":"post_tag","embeddable":true,"href":"https:\/\/conventocefalu.com\/es\/wp-json\/wp\/v2\/tags?post=12216"}],"curies":[{"name":"wp","href":"https:\/\/api.w.org\/{rel}","templated":true}]}}